{"id":996,"date":"2022-12-09T13:25:49","date_gmt":"2022-12-09T12:25:49","guid":{"rendered":"https:\/\/imasterminds.net\/?p=996"},"modified":"2022-12-09T17:44:09","modified_gmt":"2022-12-09T16:44:09","slug":"chi-semina-carta-raccoglie-fiori","status":"publish","type":"post","link":"https:\/\/imasterminds.net\/it\/news-and-stories\/companies-out-of-the-box\/chi-semina-carta-raccoglie-fiori\/","title":{"rendered":"Chi semina carta\u2026 raccoglie fiori!"},"content":{"rendered":"<div id=\"attachment_1000\" style=\"width: 307px\" class=\"wp-caption alignright\"><a href=\"https:\/\/imasterminds.net\/wp-content\/uploads\/2022\/12\/les-cartes-de-lulu-2.jpg\" rel=\"prettyPhoto[gallery-8KJJ]\"><img aria-describedby=\"caption-attachment-1000\" loading=\"lazy\" class=\"wp-image-1000\" src=\"https:\/\/imasterminds.net\/wp-content\/uploads\/2022\/12\/les-cartes-de-lulu-2.jpg\" alt=\"\" width=\"297\" height=\"297\" srcset=\"https:\/\/imasterminds.net\/wp-content\/uploads\/2022\/12\/les-cartes-de-lulu-2.jpg 1500w, https:\/\/imasterminds.net\/wp-content\/uploads\/2022\/12\/les-cartes-de-lulu-2-300x300.jpg 300w, https:\/\/imasterminds.net\/wp-content\/uploads\/2022\/12\/les-cartes-de-lulu-2-1024x1024.jpg 1024w, https:\/\/imasterminds.net\/wp-content\/uploads\/2022\/12\/les-cartes-de-lulu-2-150x150.jpg 150w, https:\/\/imasterminds.net\/wp-content\/uploads\/2022\/12\/les-cartes-de-lulu-2-768x768.jpg 768w, https:\/\/imasterminds.net\/wp-content\/uploads\/2022\/12\/les-cartes-de-lulu-2-100x100.jpg 100w, https:\/\/imasterminds.net\/wp-content\/uploads\/2022\/12\/les-cartes-de-lulu-2-140x140.jpg 140w, https:\/\/imasterminds.net\/wp-content\/uploads\/2022\/12\/les-cartes-de-lulu-2-500x500.jpg 500w, https:\/\/imasterminds.net\/wp-content\/uploads\/2022\/12\/les-cartes-de-lulu-2-350x350.jpg 350w, https:\/\/imasterminds.net\/wp-content\/uploads\/2022\/12\/les-cartes-de-lulu-2-1000x1000.jpg 1000w, https:\/\/imasterminds.net\/wp-content\/uploads\/2022\/12\/les-cartes-de-lulu-2-800x800.jpg 800w\" sizes=\"(max-width: 297px) 100vw, 297px\" \/><\/a><p id=\"caption-attachment-1000\" class=\"wp-caption-text\">Una delle cartes de Lulu, piena di piccoli semi da piantare<\/p><\/div>\n<p class=\"yiv2365990447p1\"><span class=\"yiv2365990447s2\">Ditemi, non \u00e8 fantastico sentir parlare di sostenibilit\u00e0, bellezza, economia circolare, ecologia e gentilezza verso il nostro pianeta?<\/span><\/p>\n<p class=\"yiv2365990447p1\"><span class=\"yiv2365990447s2\">Eh s\u00ec, perch\u00e9 sono tutte parole che ci piacciono molto, ma che purtroppo troviamo difficile abbinare tra loro.<\/span><\/p>\n<p class=\"yiv2365990447p1\"><span class=\"yiv2365990447s2\">Se vi dicessi che, invece, tutto questo si pu\u00f2 trovare in un semplice bigliettino di carta, da donare per qualsiasi occasione speciale, o anche soltanto per fare felici noi stessi? Ci credereste?<\/span><\/p>\n<p class=\"yiv2365990447p1\"><span class=\"yiv2365990447s2\">Mi sono imbattuta per caso nelle \u201cCartes de Lulu\u201d, nascoste in mezzo agli articoli di un locale che vende cose sempre originali. Inizialmente mi sono incuriosita per i bellissimi disegni, che sembra siano stati appena dipinti a mano. Poi\u00a0 ho preso i biglietti tra le mani e, girandoli, mi sono accorta che avevano una grana sottile e irregolare, caratteristica questa dovuta ad alcuni piccolissimi puntini che sembravano assopiti fra le trame della carta. Leggendo la descrizione, ho scoperto qualcosa di davvero straordinario: questi bellissimi biglietti, prodotti con carta completamente biodegradabile, nascondono al loro interno dei veri e propri semi. <\/span>Una volta letto il cartoncino, cos\u00ec, \u00e8 possibile \u201cpiantare\u201d in un vaso o in giardino la <em>carte de Lulu <\/em>e vederla germogliare, vivere e\u2026 fiorire! \u00c8 come se, insieme alle parole, inviassimo al fortunato anche un omaggio insolito, da poter conservare davvero a lungo: si possono trovare semi di insalata, di fiori di campo, di camomilla e di erbe aromatiche. Tutte cose che fanno bene al pianeta, al sorriso e anche al cuore.<\/p>\n<p class=\"yiv2365990447p1\"><span class=\"yiv2365990447s2\">Ho pensato che la creazione di questa Lulu, ventenne mastermind alsaziana, fosse straordinariamente originale, assolutamente\u00a0<\/span><span class=\"yiv2365990447s1\">out of the box.\u00a0<\/span><span class=\"yiv2365990447s2\">Allora, ho deciso di saperne di pi\u00f9. Ha iniziato da sola nel 2018, realizzando i primi prototipi di\u00a0<\/span><span class=\"yiv2365990447s3\">cartes<\/span><span class=\"yiv2365990447s2\">, avvalendosi man mano dell\u2019esperienza e dell\u2019abilit\u00e0 di un nutrito gruppo di illustratori, che la aiutano a distribuire e a far crescere colore e piccoli sogni al profumo di clorofilla.<\/span><\/p>\n<p class=\"yiv2365990447p1\"><span class=\"yiv2365990447s2\">Mi piace narrare di persone fuori dal comune, che parlano sottovoce, e ancora di pi\u00f9 mi piace raccontarle quando diventano delle piccole realt\u00e0, destinate in futuro (glielo auguro!) a farsi largo tra tante merci anonime e a far parlare di s\u00e9. Perch\u00e9 siamo sempre abituati a correre, orientati al profitto e alla tecnologia pi\u00f9 avanzata; eppure, se ogni tanto allentiamo il passo, abbassiamo voce e prestiamo attenzione alle piccole cose, possiamo scoprire che anche in un semplice pezzetto di carta pu\u00f2 nascondersi il pi\u00f9 bello dei miracoli: una vita addormentata, pronta a farsi largo nel mondo.<\/span><\/p>\n<p><em>Valeria Bellobono<\/em><\/p>\n","protected":false},"excerpt":{"rendered":"<p>Ditemi, non \u00e8 fantastico sentir parlare di sostenibilit\u00e0, bellezza, economia circolare, ecologia e gentilezza verso il nostro pianeta? Eh s\u00ec, perch\u00e9 sono tutte parole che ci piacciono molto, ma che&#8230;<\/p>\n","protected":false},"author":2,"featured_media":1018,"comment_status":"closed","ping_status":"open","sticky":false,"template":"","format":"standard","meta":[],"categories":[12,3],"tags":[],"yoast_head":"<!-- This site is optimized with the Yoast SEO plugin v18.4.1 - https:\/\/yoast.com\/wordpress\/plugins\/seo\/ -->\n<title>Chi semina carta\u2026 raccoglie fiori! - iMasterminds<\/title>\n<meta name=\"robots\" content=\"index, follow, max-snippet:-1, max-image-preview:large, max-video-preview:-1\" \/>\n<link rel=\"canonical\" href=\"https:\/\/imasterminds.net\/it\/news-and-stories\/companies-out-of-the-box\/chi-semina-carta-raccoglie-fiori\/\" \/>\n<meta property=\"og:locale\" content=\"it_IT\" \/>\n<meta property=\"og:type\" content=\"article\" \/>\n<meta property=\"og:title\" content=\"Chi semina carta\u2026 raccoglie fiori! - iMasterminds\" \/>\n<meta property=\"og:description\" content=\"Ditemi, non \u00e8 fantastico sentir parlare di sostenibilit\u00e0, bellezza, economia circolare, ecologia e gentilezza verso il nostro pianeta? Eh s\u00ec, perch\u00e9 sono tutte parole che ci piacciono molto, ma che...\" \/>\n<meta property=\"og:url\" content=\"https:\/\/imasterminds.net\/it\/news-and-stories\/companies-out-of-the-box\/chi-semina-carta-raccoglie-fiori\/\" \/>\n<meta property=\"og:site_name\" content=\"iMasterminds\" \/>\n<meta property=\"article:published_time\" content=\"2022-12-09T12:25:49+00:00\" \/>\n<meta property=\"article:modified_time\" content=\"2022-12-09T16:44:09+00:00\" \/>\n<meta property=\"og:image\" content=\"https:\/\/imasterminds.net\/wp-content\/uploads\/2022\/12\/germogli-1024x768-1.jpeg\" \/>\n\t<meta property=\"og:image:width\" content=\"1024\" \/>\n\t<meta property=\"og:image:height\" content=\"768\" \/>\n\t<meta property=\"og:image:type\" content=\"image\/jpeg\" \/>\n<meta name=\"twitter:card\" content=\"summary_large_image\" \/>\n<meta name=\"twitter:label1\" content=\"Scritto da\" \/>\n\t<meta name=\"twitter:data1\" content=\"iMasterminds\" \/>\n\t<meta name=\"twitter:label2\" content=\"Tempo di lettura stimato\" \/>\n\t<meta name=\"twitter:data2\" content=\"3 minuti\" \/>\n<script type=\"application\/ld+json\" class=\"yoast-schema-graph\">{\"@context\":\"https:\/\/schema.org\",\"@graph\":[{\"@type\":\"Organization\",\"@id\":\"https:\/\/imasterminds.net\/it\/#organization\",\"name\":\"iMasterminds\",\"url\":\"https:\/\/imasterminds.net\/it\/\",\"sameAs\":[\"https:\/\/www.linkedin.com\/company\/imasterminds\/\"],\"logo\":{\"@type\":\"ImageObject\",\"@id\":\"https:\/\/imasterminds.net\/it\/#logo\",\"inLanguage\":\"it-IT\",\"url\":\"https:\/\/imasterminds.net\/wp-content\/uploads\/2021\/10\/logo-organizzazione.png\",\"contentUrl\":\"https:\/\/imasterminds.net\/wp-content\/uploads\/2021\/10\/logo-organizzazione.png\",\"width\":1200,\"height\":628,\"caption\":\"iMasterminds\"},\"image\":{\"@id\":\"https:\/\/imasterminds.net\/it\/#logo\"}},{\"@type\":\"WebSite\",\"@id\":\"https:\/\/imasterminds.net\/it\/#website\",\"url\":\"https:\/\/imasterminds.net\/it\/\",\"name\":\"iMasterminds\",\"description\":\"\",\"publisher\":{\"@id\":\"https:\/\/imasterminds.net\/it\/#organization\"},\"potentialAction\":[{\"@type\":\"SearchAction\",\"target\":{\"@type\":\"EntryPoint\",\"urlTemplate\":\"https:\/\/imasterminds.net\/it\/?s={search_term_string}\"},\"query-input\":\"required name=search_term_string\"}],\"inLanguage\":\"it-IT\"},{\"@type\":\"ImageObject\",\"@id\":\"https:\/\/imasterminds.net\/it\/news-and-stories\/companies-out-of-the-box\/chi-semina-carta-raccoglie-fiori\/#primaryimage\",\"inLanguage\":\"it-IT\",\"url\":\"https:\/\/imasterminds.net\/wp-content\/uploads\/2022\/12\/germogli-1024x768-1.jpeg\",\"contentUrl\":\"https:\/\/imasterminds.net\/wp-content\/uploads\/2022\/12\/germogli-1024x768-1.jpeg\",\"width\":1024,\"height\":768},{\"@type\":\"WebPage\",\"@id\":\"https:\/\/imasterminds.net\/it\/news-and-stories\/companies-out-of-the-box\/chi-semina-carta-raccoglie-fiori\/#webpage\",\"url\":\"https:\/\/imasterminds.net\/it\/news-and-stories\/companies-out-of-the-box\/chi-semina-carta-raccoglie-fiori\/\",\"name\":\"Chi semina carta\u2026 raccoglie fiori! - iMasterminds\",\"isPartOf\":{\"@id\":\"https:\/\/imasterminds.net\/it\/#website\"},\"primaryImageOfPage\":{\"@id\":\"https:\/\/imasterminds.net\/it\/news-and-stories\/companies-out-of-the-box\/chi-semina-carta-raccoglie-fiori\/#primaryimage\"},\"datePublished\":\"2022-12-09T12:25:49+00:00\",\"dateModified\":\"2022-12-09T16:44:09+00:00\",\"breadcrumb\":{\"@id\":\"https:\/\/imasterminds.net\/it\/news-and-stories\/companies-out-of-the-box\/chi-semina-carta-raccoglie-fiori\/#breadcrumb\"},\"inLanguage\":\"it-IT\",\"potentialAction\":[{\"@type\":\"ReadAction\",\"target\":[\"https:\/\/imasterminds.net\/it\/news-and-stories\/companies-out-of-the-box\/chi-semina-carta-raccoglie-fiori\/\"]}]},{\"@type\":\"BreadcrumbList\",\"@id\":\"https:\/\/imasterminds.net\/it\/news-and-stories\/companies-out-of-the-box\/chi-semina-carta-raccoglie-fiori\/#breadcrumb\",\"itemListElement\":[{\"@type\":\"ListItem\",\"position\":1,\"name\":\"Home\",\"item\":\"https:\/\/imasterminds.net\/it\/\"},{\"@type\":\"ListItem\",\"position\":2,\"name\":\"Chi semina carta\u2026 raccoglie fiori!\"}]},{\"@type\":\"Article\",\"@id\":\"https:\/\/imasterminds.net\/it\/news-and-stories\/companies-out-of-the-box\/chi-semina-carta-raccoglie-fiori\/#article\",\"isPartOf\":{\"@id\":\"https:\/\/imasterminds.net\/it\/news-and-stories\/companies-out-of-the-box\/chi-semina-carta-raccoglie-fiori\/#webpage\"},\"author\":{\"@id\":\"https:\/\/imasterminds.net\/it\/#\/schema\/person\/d96b183ea702b0b09eec7d7aeac1d24f\"},\"headline\":\"Chi semina carta\u2026 raccoglie fiori!\",\"datePublished\":\"2022-12-09T12:25:49+00:00\",\"dateModified\":\"2022-12-09T16:44:09+00:00\",\"mainEntityOfPage\":{\"@id\":\"https:\/\/imasterminds.net\/it\/news-and-stories\/companies-out-of-the-box\/chi-semina-carta-raccoglie-fiori\/#webpage\"},\"wordCount\":426,\"publisher\":{\"@id\":\"https:\/\/imasterminds.net\/it\/#organization\"},\"image\":{\"@id\":\"https:\/\/imasterminds.net\/it\/news-and-stories\/companies-out-of-the-box\/chi-semina-carta-raccoglie-fiori\/#primaryimage\"},\"thumbnailUrl\":\"https:\/\/imasterminds.net\/wp-content\/uploads\/2022\/12\/germogli-1024x768-1.jpeg\",\"articleSection\":[\"All\",\"Companies Out of the Box\"],\"inLanguage\":\"it-IT\"},{\"@type\":\"Person\",\"@id\":\"https:\/\/imasterminds.net\/it\/#\/schema\/person\/d96b183ea702b0b09eec7d7aeac1d24f\",\"name\":\"iMasterminds\",\"image\":{\"@type\":\"ImageObject\",\"@id\":\"https:\/\/imasterminds.net\/it\/#personlogo\",\"inLanguage\":\"it-IT\",\"url\":\"https:\/\/secure.gravatar.com\/avatar\/319e51511e95dbc1744d6f0224beed78?s=96&d=mm&r=g\",\"contentUrl\":\"https:\/\/secure.gravatar.com\/avatar\/319e51511e95dbc1744d6f0224beed78?s=96&d=mm&r=g\",\"caption\":\"iMasterminds\"}}]}<\/script>\n<!-- \/ Yoast SEO plugin. -->","yoast_head_json":{"title":"Chi semina carta\u2026 raccoglie fiori! - iMasterminds","robots":{"index":"index","follow":"follow","max-snippet":"max-snippet:-1","max-image-preview":"max-image-preview:large","max-video-preview":"max-video-preview:-1"},"canonical":"https:\/\/imasterminds.net\/it\/news-and-stories\/companies-out-of-the-box\/chi-semina-carta-raccoglie-fiori\/","og_locale":"it_IT","og_type":"article","og_title":"Chi semina carta\u2026 raccoglie fiori! - iMasterminds","og_description":"Ditemi, non \u00e8 fantastico sentir parlare di sostenibilit\u00e0, bellezza, economia circolare, ecologia e gentilezza verso il nostro pianeta? Eh s\u00ec, perch\u00e9 sono tutte parole che ci piacciono molto, ma che...","og_url":"https:\/\/imasterminds.net\/it\/news-and-stories\/companies-out-of-the-box\/chi-semina-carta-raccoglie-fiori\/","og_site_name":"iMasterminds","article_published_time":"2022-12-09T12:25:49+00:00","article_modified_time":"2022-12-09T16:44:09+00:00","og_image":[{"width":1024,"height":768,"url":"https:\/\/imasterminds.net\/wp-content\/uploads\/2022\/12\/germogli-1024x768-1.jpeg","type":"image\/jpeg"}],"twitter_card":"summary_large_image","twitter_misc":{"Scritto da":"iMasterminds","Tempo di lettura stimato":"3 minuti"},"schema":{"@context":"https:\/\/schema.org","@graph":[{"@type":"Organization","@id":"https:\/\/imasterminds.net\/it\/#organization","name":"iMasterminds","url":"https:\/\/imasterminds.net\/it\/","sameAs":["https:\/\/www.linkedin.com\/company\/imasterminds\/"],"logo":{"@type":"ImageObject","@id":"https:\/\/imasterminds.net\/it\/#logo","inLanguage":"it-IT","url":"https:\/\/imasterminds.net\/wp-content\/uploads\/2021\/10\/logo-organizzazione.png","contentUrl":"https:\/\/imasterminds.net\/wp-content\/uploads\/2021\/10\/logo-organizzazione.png","width":1200,"height":628,"caption":"iMasterminds"},"image":{"@id":"https:\/\/imasterminds.net\/it\/#logo"}},{"@type":"WebSite","@id":"https:\/\/imasterminds.net\/it\/#website","url":"https:\/\/imasterminds.net\/it\/","name":"iMasterminds","description":"","publisher":{"@id":"https:\/\/imasterminds.net\/it\/#organization"},"potentialAction":[{"@type":"SearchAction","target":{"@type":"EntryPoint","urlTemplate":"https:\/\/imasterminds.net\/it\/?s={search_term_string}"},"query-input":"required name=search_term_string"}],"inLanguage":"it-IT"},{"@type":"ImageObject","@id":"https:\/\/imasterminds.net\/it\/news-and-stories\/companies-out-of-the-box\/chi-semina-carta-raccoglie-fiori\/#primaryimage","inLanguage":"it-IT","url":"https:\/\/imasterminds.net\/wp-content\/uploads\/2022\/12\/germogli-1024x768-1.jpeg","contentUrl":"https:\/\/imasterminds.net\/wp-content\/uploads\/2022\/12\/germogli-1024x768-1.jpeg","width":1024,"height":768},{"@type":"WebPage","@id":"https:\/\/imasterminds.net\/it\/news-and-stories\/companies-out-of-the-box\/chi-semina-carta-raccoglie-fiori\/#webpage","url":"https:\/\/imasterminds.net\/it\/news-and-stories\/companies-out-of-the-box\/chi-semina-carta-raccoglie-fiori\/","name":"Chi semina carta\u2026 raccoglie fiori! - iMasterminds","isPartOf":{"@id":"https:\/\/imasterminds.net\/it\/#website"},"primaryImageOfPage":{"@id":"https:\/\/imasterminds.net\/it\/news-and-stories\/companies-out-of-the-box\/chi-semina-carta-raccoglie-fiori\/#primaryimage"},"datePublished":"2022-12-09T12:25:49+00:00","dateModified":"2022-12-09T16:44:09+00:00","breadcrumb":{"@id":"https:\/\/imasterminds.net\/it\/news-and-stories\/companies-out-of-the-box\/chi-semina-carta-raccoglie-fiori\/#breadcrumb"},"inLanguage":"it-IT","potentialAction":[{"@type":"ReadAction","target":["https:\/\/imasterminds.net\/it\/news-and-stories\/companies-out-of-the-box\/chi-semina-carta-raccoglie-fiori\/"]}]},{"@type":"BreadcrumbList","@id":"https:\/\/imasterminds.net\/it\/news-and-stories\/companies-out-of-the-box\/chi-semina-carta-raccoglie-fiori\/#breadcrumb","itemListElement":[{"@type":"ListItem","position":1,"name":"Home","item":"https:\/\/imasterminds.net\/it\/"},{"@type":"ListItem","position":2,"name":"Chi semina carta\u2026 raccoglie fiori!"}]},{"@type":"Article","@id":"https:\/\/imasterminds.net\/it\/news-and-stories\/companies-out-of-the-box\/chi-semina-carta-raccoglie-fiori\/#article","isPartOf":{"@id":"https:\/\/imasterminds.net\/it\/news-and-stories\/companies-out-of-the-box\/chi-semina-carta-raccoglie-fiori\/#webpage"},"author":{"@id":"https:\/\/imasterminds.net\/it\/#\/schema\/person\/d96b183ea702b0b09eec7d7aeac1d24f"},"headline":"Chi semina carta\u2026 raccoglie fiori!","datePublished":"2022-12-09T12:25:49+00:00","dateModified":"2022-12-09T16:44:09+00:00","mainEntityOfPage":{"@id":"https:\/\/imasterminds.net\/it\/news-and-stories\/companies-out-of-the-box\/chi-semina-carta-raccoglie-fiori\/#webpage"},"wordCount":426,"publisher":{"@id":"https:\/\/imasterminds.net\/it\/#organization"},"image":{"@id":"https:\/\/imasterminds.net\/it\/news-and-stories\/companies-out-of-the-box\/chi-semina-carta-raccoglie-fiori\/#primaryimage"},"thumbnailUrl":"https:\/\/imasterminds.net\/wp-content\/uploads\/2022\/12\/germogli-1024x768-1.jpeg","articleSection":["All","Companies Out of the Box"],"inLanguage":"it-IT"},{"@type":"Person","@id":"https:\/\/imasterminds.net\/it\/#\/schema\/person\/d96b183ea702b0b09eec7d7aeac1d24f","name":"iMasterminds","image":{"@type":"ImageObject","@id":"https:\/\/imasterminds.net\/it\/#personlogo","inLanguage":"it-IT","url":"https:\/\/secure.gravatar.com\/avatar\/319e51511e95dbc1744d6f0224beed78?s=96&d=mm&r=g","contentUrl":"https:\/\/secure.gravatar.com\/avatar\/319e51511e95dbc1744d6f0224beed78?s=96&d=mm&r=g","caption":"iMasterminds"}}]}},"_links":{"self":[{"href":"https:\/\/imasterminds.net\/it\/wp-json\/wp\/v2\/posts\/996"}],"collection":[{"href":"https:\/\/imasterminds.net\/it\/wp-json\/wp\/v2\/posts"}],"about":[{"href":"https:\/\/imasterminds.net\/it\/wp-json\/wp\/v2\/types\/post"}],"author":[{"embeddable":true,"href":"https:\/\/imasterminds.net\/it\/wp-json\/wp\/v2\/users\/2"}],"replies":[{"embeddable":true,"href":"https:\/\/imasterminds.net\/it\/wp-json\/wp\/v2\/comments?post=996"}],"version-history":[{"count":0,"href":"https:\/\/imasterminds.net\/it\/wp-json\/wp\/v2\/posts\/996\/revisions"}],"wp:featuredmedia":[{"embeddable":true,"href":"https:\/\/imasterminds.net\/it\/wp-json\/wp\/v2\/media\/1018"}],"wp:attachment":[{"href":"https:\/\/imasterminds.net\/it\/wp-json\/wp\/v2\/media?parent=996"}],"wp:term":[{"taxonomy":"category","embeddable":true,"href":"https:\/\/imasterminds.net\/it\/wp-json\/wp\/v2\/categories?post=996"},{"taxonomy":"post_tag","embeddable":true,"href":"https:\/\/imasterminds.net\/it\/wp-json\/wp\/v2\/tags?post=996"}],"curies":[{"name":"wp","href":"https:\/\/api.w.org\/{rel}","templated":true}]}}