{"id":877,"date":"2022-09-13T10:35:10","date_gmt":"2022-09-13T08:35:10","guid":{"rendered":"https:\/\/imasterminds.net\/?p=877"},"modified":"2022-11-29T10:58:33","modified_gmt":"2022-11-29T09:58:33","slug":"vita-reale-vs-metaverso-chi-la-spuntera","status":"publish","type":"post","link":"https:\/\/imasterminds.net\/it\/news-and-stories\/ideas-out-of-the-box\/vita-reale-vs-metaverso-chi-la-spuntera\/","title":{"rendered":"Vita reale vs metaverso: chi la spunter\u00e0?"},"content":{"rendered":"<div id=\"attachment_881\" style=\"width: 310px\" class=\"wp-caption alignright\"><a href=\"https:\/\/imasterminds.net\/wp-content\/uploads\/2022\/09\/metaverso.jpg\" rel=\"prettyPhoto[gallery-uFFc]\"><img aria-describedby=\"caption-attachment-881\" loading=\"lazy\" class=\"size-medium wp-image-881\" src=\"https:\/\/imasterminds.net\/wp-content\/uploads\/2022\/09\/metaverso-300x200.jpg\" alt=\"\" width=\"300\" height=\"200\" srcset=\"https:\/\/imasterminds.net\/wp-content\/uploads\/2022\/09\/metaverso-300x200.jpg 300w, https:\/\/imasterminds.net\/wp-content\/uploads\/2022\/09\/metaverso.jpg 612w\" sizes=\"(max-width: 300px) 100vw, 300px\" \/><\/a><p id=\"caption-attachment-881\" class=\"wp-caption-text\">Il metaverso: un\u2019opportunit\u00e0, una visione o una manipolazione della realt\u00e0?<\/p><\/div>\n<p>Mala tempora currunt. O forse \u00e8 pi\u00f9 corretto dire che i tempi moderni hanno cambiato le cose e anche la percezione delle stesse. Gi\u00e0, perch\u00e9 da una ricerca condotta nel 2022 da Bain &amp; Company \u00e8 emerso che il\u00a0 53% degli adolescenti preferirebbe ereditare una casa vacanze nel metaverso a una su un\u2019isola esotica. Per la maggior parte di noi questa appare come una notizia assurda, eppure \u00e8 evidente che i piani di interesse e di percezione si stanno spostando verso una dimensione pi\u00f9 complessa e meno &#8220;fisica&#8221;, che vive in luoghi che i meno giovani faticano anche ad immaginare. La ricerca appare interessante per capire quale potrebbe essere uno dei target a cui saranno destinate le tecnologie e le esperienze inerenti a questo nuovissimo ambito, anche se appare spaventosa sotto un profilo puramente sociopsicologico. Pu\u00f2 davvero, la realt\u00e0 virtuale, sostituire la vita vera, arrivando a proiettare in uno spazio altro un\u2019esistenza senza pi\u00f9 carne n\u00e9 ossa?<\/p>\n<p>Le ragioni per le quali i pi\u00f9 giovani preferiscono il metaverso sono da ricercare principalmente nell\u2019aspetto immersivo dei mondi virtuali, che permette di essere creatori attivi, protagonisti indiscussi del proprio destino, o di quello che pu\u00f2 sembrare tale, trovando rifugio da un mondo, quello vero, che forse sta diventando troppo difficile e competitivo, trasformando il quotidiano in una corsa a ostacoli in cui vince sempre il pi\u00f9 veloce. Ma cosa succederebbe se un giorno, forse non troppo lontano, la vita reale e quella vissuta nel metaverso si confondessero troppo, non permettendo a tanti giovani di comprendere la differenza tra la dimensione reale e quella virtuale? Probabilmente non accadrebbe nulla, finiremo con il coabitare con una nuova tipologia di persone: le metapersone.<\/p>\n<p><em>Valeria Bellobono<\/em><\/p>\n","protected":false},"excerpt":{"rendered":"<p>Mala tempora currunt. O forse \u00e8 pi\u00f9 corretto dire che i tempi moderni hanno cambiato le cose e anche la percezione delle stesse. Gi\u00e0, perch\u00e9 da una ricerca condotta nel&#8230;<\/p>\n","protected":false},"author":2,"featured_media":878,"comment_status":"closed","ping_status":"open","sticky":false,"template":"","format":"standard","meta":[],"categories":[12,5],"tags":[],"yoast_head":"<!-- This site is optimized with the Yoast SEO plugin v18.4.1 - https:\/\/yoast.com\/wordpress\/plugins\/seo\/ -->\n<title>Vita reale vs metaverso: chi la spunter\u00e0? - iMasterminds<\/title>\n<meta name=\"description\" content=\"Il metaverso pu\u00f2 essere un&#039;opportunit\u00e0 da cogliere, se vissuto come una condizione stessa della realt\u00e0 e non come una sostituzione.\" \/>\n<meta name=\"robots\" content=\"index, follow, max-snippet:-1, max-image-preview:large, max-video-preview:-1\" \/>\n<link rel=\"canonical\" href=\"https:\/\/imasterminds.net\/it\/news-and-stories\/ideas-out-of-the-box\/vita-reale-vs-metaverso-chi-la-spuntera\/\" \/>\n<meta property=\"og:locale\" content=\"it_IT\" \/>\n<meta property=\"og:type\" content=\"article\" \/>\n<meta property=\"og:title\" content=\"Vita reale vs metaverso: chi la spunter\u00e0? - iMasterminds\" \/>\n<meta property=\"og:description\" content=\"Il metaverso pu\u00f2 essere un&#039;opportunit\u00e0 da cogliere, se vissuto come una condizione stessa della realt\u00e0 e non come una sostituzione.\" \/>\n<meta property=\"og:url\" content=\"https:\/\/imasterminds.net\/it\/news-and-stories\/ideas-out-of-the-box\/vita-reale-vs-metaverso-chi-la-spuntera\/\" \/>\n<meta property=\"og:site_name\" content=\"iMasterminds\" \/>\n<meta property=\"article:published_time\" content=\"2022-09-13T08:35:10+00:00\" \/>\n<meta property=\"article:modified_time\" content=\"2022-11-29T09:58:33+00:00\" \/>\n<meta property=\"og:image\" content=\"https:\/\/imasterminds.net\/wp-content\/uploads\/2022\/09\/metaverso-featured.jpg\" \/>\n\t<meta property=\"og:image:width\" content=\"612\" \/>\n\t<meta property=\"og:image:height\" content=\"408\" \/>\n\t<meta property=\"og:image:type\" content=\"image\/jpeg\" \/>\n<meta name=\"twitter:card\" content=\"summary_large_image\" \/>\n<meta name=\"twitter:label1\" content=\"Scritto da\" \/>\n\t<meta name=\"twitter:data1\" content=\"iMasterminds\" \/>\n\t<meta name=\"twitter:label2\" content=\"Tempo di lettura stimato\" \/>\n\t<meta name=\"twitter:data2\" content=\"2 minuti\" \/>\n<script type=\"application\/ld+json\" class=\"yoast-schema-graph\">{\"@context\":\"https:\/\/schema.org\",\"@graph\":[{\"@type\":\"Organization\",\"@id\":\"https:\/\/imasterminds.net\/it\/#organization\",\"name\":\"iMasterminds\",\"url\":\"https:\/\/imasterminds.net\/it\/\",\"sameAs\":[\"https:\/\/www.linkedin.com\/company\/imasterminds\/\"],\"logo\":{\"@type\":\"ImageObject\",\"@id\":\"https:\/\/imasterminds.net\/it\/#logo\",\"inLanguage\":\"it-IT\",\"url\":\"https:\/\/imasterminds.net\/wp-content\/uploads\/2021\/10\/logo-organizzazione.png\",\"contentUrl\":\"https:\/\/imasterminds.net\/wp-content\/uploads\/2021\/10\/logo-organizzazione.png\",\"width\":1200,\"height\":628,\"caption\":\"iMasterminds\"},\"image\":{\"@id\":\"https:\/\/imasterminds.net\/it\/#logo\"}},{\"@type\":\"WebSite\",\"@id\":\"https:\/\/imasterminds.net\/it\/#website\",\"url\":\"https:\/\/imasterminds.net\/it\/\",\"name\":\"iMasterminds\",\"description\":\"\",\"publisher\":{\"@id\":\"https:\/\/imasterminds.net\/it\/#organization\"},\"potentialAction\":[{\"@type\":\"SearchAction\",\"target\":{\"@type\":\"EntryPoint\",\"urlTemplate\":\"https:\/\/imasterminds.net\/it\/?s={search_term_string}\"},\"query-input\":\"required name=search_term_string\"}],\"inLanguage\":\"it-IT\"},{\"@type\":\"ImageObject\",\"@id\":\"https:\/\/imasterminds.net\/it\/news-and-stories\/ideas-out-of-the-box\/vita-reale-vs-metaverso-chi-la-spuntera\/#primaryimage\",\"inLanguage\":\"it-IT\",\"url\":\"https:\/\/imasterminds.net\/wp-content\/uploads\/2022\/09\/metaverso-featured.jpg\",\"contentUrl\":\"https:\/\/imasterminds.net\/wp-content\/uploads\/2022\/09\/metaverso-featured.jpg\",\"width\":612,\"height\":408},{\"@type\":\"WebPage\",\"@id\":\"https:\/\/imasterminds.net\/it\/news-and-stories\/ideas-out-of-the-box\/vita-reale-vs-metaverso-chi-la-spuntera\/#webpage\",\"url\":\"https:\/\/imasterminds.net\/it\/news-and-stories\/ideas-out-of-the-box\/vita-reale-vs-metaverso-chi-la-spuntera\/\",\"name\":\"Vita reale vs metaverso: chi la spunter\u00e0? - iMasterminds\",\"isPartOf\":{\"@id\":\"https:\/\/imasterminds.net\/it\/#website\"},\"primaryImageOfPage\":{\"@id\":\"https:\/\/imasterminds.net\/it\/news-and-stories\/ideas-out-of-the-box\/vita-reale-vs-metaverso-chi-la-spuntera\/#primaryimage\"},\"datePublished\":\"2022-09-13T08:35:10+00:00\",\"dateModified\":\"2022-11-29T09:58:33+00:00\",\"description\":\"Il metaverso pu\u00f2 essere un'opportunit\u00e0 da cogliere, se vissuto come una condizione stessa della realt\u00e0 e non come una sostituzione.\",\"breadcrumb\":{\"@id\":\"https:\/\/imasterminds.net\/it\/news-and-stories\/ideas-out-of-the-box\/vita-reale-vs-metaverso-chi-la-spuntera\/#breadcrumb\"},\"inLanguage\":\"it-IT\",\"potentialAction\":[{\"@type\":\"ReadAction\",\"target\":[\"https:\/\/imasterminds.net\/it\/news-and-stories\/ideas-out-of-the-box\/vita-reale-vs-metaverso-chi-la-spuntera\/\"]}]},{\"@type\":\"BreadcrumbList\",\"@id\":\"https:\/\/imasterminds.net\/it\/news-and-stories\/ideas-out-of-the-box\/vita-reale-vs-metaverso-chi-la-spuntera\/#breadcrumb\",\"itemListElement\":[{\"@type\":\"ListItem\",\"position\":1,\"name\":\"Home\",\"item\":\"https:\/\/imasterminds.net\/it\/\"},{\"@type\":\"ListItem\",\"position\":2,\"name\":\"Vita reale vs metaverso: chi la spunter\u00e0?\"}]},{\"@type\":\"Article\",\"@id\":\"https:\/\/imasterminds.net\/it\/news-and-stories\/ideas-out-of-the-box\/vita-reale-vs-metaverso-chi-la-spuntera\/#article\",\"isPartOf\":{\"@id\":\"https:\/\/imasterminds.net\/it\/news-and-stories\/ideas-out-of-the-box\/vita-reale-vs-metaverso-chi-la-spuntera\/#webpage\"},\"author\":{\"@id\":\"https:\/\/imasterminds.net\/it\/#\/schema\/person\/d96b183ea702b0b09eec7d7aeac1d24f\"},\"headline\":\"Vita reale vs metaverso: chi la spunter\u00e0?\",\"datePublished\":\"2022-09-13T08:35:10+00:00\",\"dateModified\":\"2022-11-29T09:58:33+00:00\",\"mainEntityOfPage\":{\"@id\":\"https:\/\/imasterminds.net\/it\/news-and-stories\/ideas-out-of-the-box\/vita-reale-vs-metaverso-chi-la-spuntera\/#webpage\"},\"wordCount\":303,\"publisher\":{\"@id\":\"https:\/\/imasterminds.net\/it\/#organization\"},\"image\":{\"@id\":\"https:\/\/imasterminds.net\/it\/news-and-stories\/ideas-out-of-the-box\/vita-reale-vs-metaverso-chi-la-spuntera\/#primaryimage\"},\"thumbnailUrl\":\"https:\/\/imasterminds.net\/wp-content\/uploads\/2022\/09\/metaverso-featured.jpg\",\"articleSection\":[\"All\",\"Ideas Out of the Box\"],\"inLanguage\":\"it-IT\"},{\"@type\":\"Person\",\"@id\":\"https:\/\/imasterminds.net\/it\/#\/schema\/person\/d96b183ea702b0b09eec7d7aeac1d24f\",\"name\":\"iMasterminds\",\"image\":{\"@type\":\"ImageObject\",\"@id\":\"https:\/\/imasterminds.net\/it\/#personlogo\",\"inLanguage\":\"it-IT\",\"url\":\"https:\/\/secure.gravatar.com\/avatar\/319e51511e95dbc1744d6f0224beed78?s=96&d=mm&r=g\",\"contentUrl\":\"https:\/\/secure.gravatar.com\/avatar\/319e51511e95dbc1744d6f0224beed78?s=96&d=mm&r=g\",\"caption\":\"iMasterminds\"}}]}<\/script>\n<!-- \/ Yoast SEO plugin. -->","yoast_head_json":{"title":"Vita reale vs metaverso: chi la spunter\u00e0? - iMasterminds","description":"Il metaverso pu\u00f2 essere un'opportunit\u00e0 da cogliere, se vissuto come una condizione stessa della realt\u00e0 e non come una sostituzione.","robots":{"index":"index","follow":"follow","max-snippet":"max-snippet:-1","max-image-preview":"max-image-preview:large","max-video-preview":"max-video-preview:-1"},"canonical":"https:\/\/imasterminds.net\/it\/news-and-stories\/ideas-out-of-the-box\/vita-reale-vs-metaverso-chi-la-spuntera\/","og_locale":"it_IT","og_type":"article","og_title":"Vita reale vs metaverso: chi la spunter\u00e0? - iMasterminds","og_description":"Il metaverso pu\u00f2 essere un'opportunit\u00e0 da cogliere, se vissuto come una condizione stessa della realt\u00e0 e non come una sostituzione.","og_url":"https:\/\/imasterminds.net\/it\/news-and-stories\/ideas-out-of-the-box\/vita-reale-vs-metaverso-chi-la-spuntera\/","og_site_name":"iMasterminds","article_published_time":"2022-09-13T08:35:10+00:00","article_modified_time":"2022-11-29T09:58:33+00:00","og_image":[{"width":612,"height":408,"url":"https:\/\/imasterminds.net\/wp-content\/uploads\/2022\/09\/metaverso-featured.jpg","type":"image\/jpeg"}],"twitter_card":"summary_large_image","twitter_misc":{"Scritto da":"iMasterminds","Tempo di lettura stimato":"2 minuti"},"schema":{"@context":"https:\/\/schema.org","@graph":[{"@type":"Organization","@id":"https:\/\/imasterminds.net\/it\/#organization","name":"iMasterminds","url":"https:\/\/imasterminds.net\/it\/","sameAs":["https:\/\/www.linkedin.com\/company\/imasterminds\/"],"logo":{"@type":"ImageObject","@id":"https:\/\/imasterminds.net\/it\/#logo","inLanguage":"it-IT","url":"https:\/\/imasterminds.net\/wp-content\/uploads\/2021\/10\/logo-organizzazione.png","contentUrl":"https:\/\/imasterminds.net\/wp-content\/uploads\/2021\/10\/logo-organizzazione.png","width":1200,"height":628,"caption":"iMasterminds"},"image":{"@id":"https:\/\/imasterminds.net\/it\/#logo"}},{"@type":"WebSite","@id":"https:\/\/imasterminds.net\/it\/#website","url":"https:\/\/imasterminds.net\/it\/","name":"iMasterminds","description":"","publisher":{"@id":"https:\/\/imasterminds.net\/it\/#organization"},"potentialAction":[{"@type":"SearchAction","target":{"@type":"EntryPoint","urlTemplate":"https:\/\/imasterminds.net\/it\/?s={search_term_string}"},"query-input":"required name=search_term_string"}],"inLanguage":"it-IT"},{"@type":"ImageObject","@id":"https:\/\/imasterminds.net\/it\/news-and-stories\/ideas-out-of-the-box\/vita-reale-vs-metaverso-chi-la-spuntera\/#primaryimage","inLanguage":"it-IT","url":"https:\/\/imasterminds.net\/wp-content\/uploads\/2022\/09\/metaverso-featured.jpg","contentUrl":"https:\/\/imasterminds.net\/wp-content\/uploads\/2022\/09\/metaverso-featured.jpg","width":612,"height":408},{"@type":"WebPage","@id":"https:\/\/imasterminds.net\/it\/news-and-stories\/ideas-out-of-the-box\/vita-reale-vs-metaverso-chi-la-spuntera\/#webpage","url":"https:\/\/imasterminds.net\/it\/news-and-stories\/ideas-out-of-the-box\/vita-reale-vs-metaverso-chi-la-spuntera\/","name":"Vita reale vs metaverso: chi la spunter\u00e0? - iMasterminds","isPartOf":{"@id":"https:\/\/imasterminds.net\/it\/#website"},"primaryImageOfPage":{"@id":"https:\/\/imasterminds.net\/it\/news-and-stories\/ideas-out-of-the-box\/vita-reale-vs-metaverso-chi-la-spuntera\/#primaryimage"},"datePublished":"2022-09-13T08:35:10+00:00","dateModified":"2022-11-29T09:58:33+00:00","description":"Il metaverso pu\u00f2 essere un'opportunit\u00e0 da cogliere, se vissuto come una condizione stessa della realt\u00e0 e non come una sostituzione.","breadcrumb":{"@id":"https:\/\/imasterminds.net\/it\/news-and-stories\/ideas-out-of-the-box\/vita-reale-vs-metaverso-chi-la-spuntera\/#breadcrumb"},"inLanguage":"it-IT","potentialAction":[{"@type":"ReadAction","target":["https:\/\/imasterminds.net\/it\/news-and-stories\/ideas-out-of-the-box\/vita-reale-vs-metaverso-chi-la-spuntera\/"]}]},{"@type":"BreadcrumbList","@id":"https:\/\/imasterminds.net\/it\/news-and-stories\/ideas-out-of-the-box\/vita-reale-vs-metaverso-chi-la-spuntera\/#breadcrumb","itemListElement":[{"@type":"ListItem","position":1,"name":"Home","item":"https:\/\/imasterminds.net\/it\/"},{"@type":"ListItem","position":2,"name":"Vita reale vs metaverso: chi la spunter\u00e0?"}]},{"@type":"Article","@id":"https:\/\/imasterminds.net\/it\/news-and-stories\/ideas-out-of-the-box\/vita-reale-vs-metaverso-chi-la-spuntera\/#article","isPartOf":{"@id":"https:\/\/imasterminds.net\/it\/news-and-stories\/ideas-out-of-the-box\/vita-reale-vs-metaverso-chi-la-spuntera\/#webpage"},"author":{"@id":"https:\/\/imasterminds.net\/it\/#\/schema\/person\/d96b183ea702b0b09eec7d7aeac1d24f"},"headline":"Vita reale vs metaverso: chi la spunter\u00e0?","datePublished":"2022-09-13T08:35:10+00:00","dateModified":"2022-11-29T09:58:33+00:00","mainEntityOfPage":{"@id":"https:\/\/imasterminds.net\/it\/news-and-stories\/ideas-out-of-the-box\/vita-reale-vs-metaverso-chi-la-spuntera\/#webpage"},"wordCount":303,"publisher":{"@id":"https:\/\/imasterminds.net\/it\/#organization"},"image":{"@id":"https:\/\/imasterminds.net\/it\/news-and-stories\/ideas-out-of-the-box\/vita-reale-vs-metaverso-chi-la-spuntera\/#primaryimage"},"thumbnailUrl":"https:\/\/imasterminds.net\/wp-content\/uploads\/2022\/09\/metaverso-featured.jpg","articleSection":["All","Ideas Out of the Box"],"inLanguage":"it-IT"},{"@type":"Person","@id":"https:\/\/imasterminds.net\/it\/#\/schema\/person\/d96b183ea702b0b09eec7d7aeac1d24f","name":"iMasterminds","image":{"@type":"ImageObject","@id":"https:\/\/imasterminds.net\/it\/#personlogo","inLanguage":"it-IT","url":"https:\/\/secure.gravatar.com\/avatar\/319e51511e95dbc1744d6f0224beed78?s=96&d=mm&r=g","contentUrl":"https:\/\/secure.gravatar.com\/avatar\/319e51511e95dbc1744d6f0224beed78?s=96&d=mm&r=g","caption":"iMasterminds"}}]}},"_links":{"self":[{"href":"https:\/\/imasterminds.net\/it\/wp-json\/wp\/v2\/posts\/877"}],"collection":[{"href":"https:\/\/imasterminds.net\/it\/wp-json\/wp\/v2\/posts"}],"about":[{"href":"https:\/\/imasterminds.net\/it\/wp-json\/wp\/v2\/types\/post"}],"author":[{"embeddable":true,"href":"https:\/\/imasterminds.net\/it\/wp-json\/wp\/v2\/users\/2"}],"replies":[{"embeddable":true,"href":"https:\/\/imasterminds.net\/it\/wp-json\/wp\/v2\/comments?post=877"}],"version-history":[{"count":0,"href":"https:\/\/imasterminds.net\/it\/wp-json\/wp\/v2\/posts\/877\/revisions"}],"wp:featuredmedia":[{"embeddable":true,"href":"https:\/\/imasterminds.net\/it\/wp-json\/wp\/v2\/media\/878"}],"wp:attachment":[{"href":"https:\/\/imasterminds.net\/it\/wp-json\/wp\/v2\/media?parent=877"}],"wp:term":[{"taxonomy":"category","embeddable":true,"href":"https:\/\/imasterminds.net\/it\/wp-json\/wp\/v2\/categories?post=877"},{"taxonomy":"post_tag","embeddable":true,"href":"https:\/\/imasterminds.net\/it\/wp-json\/wp\/v2\/tags?post=877"}],"curies":[{"name":"wp","href":"https:\/\/api.w.org\/{rel}","templated":true}]}}