{"id":723,"date":"2022-01-05T09:52:21","date_gmt":"2022-01-05T08:52:21","guid":{"rendered":"https:\/\/imasterminds.net\/?p=723"},"modified":"2022-01-07T09:04:56","modified_gmt":"2022-01-07T08:04:56","slug":"kim-la-leonessa-preoccupata-per-gli-umani","status":"publish","type":"post","link":"https:\/\/imasterminds.net\/it\/news-and-stories\/people-out-of-the-box\/kim-la-leonessa-preoccupata-per-gli-umani\/","title":{"rendered":"Kim, la leonessa preoccupata per gli umani"},"content":{"rendered":"<div id=\"attachment_724\" style=\"width: 370px\" class=\"wp-caption alignright\"><a href=\"https:\/\/imasterminds.net\/wp-content\/uploads\/2022\/01\/Leoni.jpg\" rel=\"prettyPhoto[gallery-TnGi]\"><img aria-describedby=\"caption-attachment-724\" loading=\"lazy\" class=\"wp-image-724\" src=\"https:\/\/imasterminds.net\/wp-content\/uploads\/2022\/01\/Leoni.jpg\" alt=\"\" width=\"360\" height=\"240\" srcset=\"https:\/\/imasterminds.net\/wp-content\/uploads\/2022\/01\/Leoni.jpg 1417w, https:\/\/imasterminds.net\/wp-content\/uploads\/2022\/01\/Leoni-300x200.jpg 300w, https:\/\/imasterminds.net\/wp-content\/uploads\/2022\/01\/Leoni-1024x683.jpg 1024w, https:\/\/imasterminds.net\/wp-content\/uploads\/2022\/01\/Leoni-768x512.jpg 768w, https:\/\/imasterminds.net\/wp-content\/uploads\/2022\/01\/Leoni-900x600.jpg 900w\" sizes=\"(max-width: 360px) 100vw, 360px\" \/><\/a><p id=\"caption-attachment-724\" class=\"wp-caption-text\">Kim e altre leonesse<\/p><\/div>\n<p>Mi chiamo Kim e sono una leonessa dell\u2019Orana Wildlife Park. Vivo in Nuova Zelanda, ormai da tanto tempo, non ricordo nemmeno quanti anni siano passati.<\/p>\n<p>Assaporo il gusto della libert\u00e0 e di una vita assolutamente piena e sana, in pace con gli altri animali e con Madre Natura. Il mio unico cruccio \u00e8 vedere tanti poveri umani che spesso vengono trasportati, in gabbia, in mezzo alla savana, solo perch\u00e9 qualcuno pensa che noi leoni possiamo essere attratti dall\u2019esibizione di queste persone. Che sciocchezza. Come possiamo gioire guardando dei prigionieri rinchiusi in uno spazio cos\u00ec piccolo?<\/p>\n<p>Certo, \u00e8 strana la gente! Nonostante sia chiusa in gabbia, ci fotografa, ride e sembra felice. Come si fa ad essere contenti di essere chiusi in una prigione? Di quali delitti si saranno macchiati questi uomini e queste donne? Avranno ucciso qualcuno per essere puniti in questo modo orribile?<\/p>\n<p>Ricordo la mia mamma che raccontava una storia che si svolgeva esattamente al contrario. Mi parlava di leoni abusati, imprigionati in zoo e circhi, resi schiavi per la stupidit\u00e0 e la curiosit\u00e0 degli umani. Ma quello forse era solo un sogno, anzi, un incubo di una leonessa che diceva di aver vissuto in uno zoo, disperandosi e sognando di tornare nella sua savana. Che assurdit\u00e0. Non esistono zoo per gli animali, ma gabbie per poveri umani innocenti.<\/p>\n<p>Mi render\u00f2 promotore della loro liberazione, chieder\u00f2 agli altri, qui a Orana, come fare. Fonder\u00f2 il movimento <em>Freedome for humans<\/em>.<\/p>\n<p><em>Valeria Bellobono per Kim<\/em><\/p>\n","protected":false},"excerpt":{"rendered":"<p>Mi chiamo Kim e sono una leonessa dell\u2019Orana Wildlife Park. Vivo in Nuova Zelanda, ormai da tanto tempo, non ricordo nemmeno quanti anni siano passati. Assaporo il gusto della libert\u00e0&#8230;<\/p>\n","protected":false},"author":2,"featured_media":726,"comment_status":"closed","ping_status":"open","sticky":false,"template":"","format":"standard","meta":[],"categories":[12,4],"tags":[33,32,31],"yoast_head":"<!-- This site is optimized with the Yoast SEO plugin v18.4.1 - https:\/\/yoast.com\/wordpress\/plugins\/seo\/ -->\n<title>Kim, la leonessa preoccupata per gli umani - iMasterminds<\/title>\n<meta name=\"description\" content=\"Kim, una leonessa dell&#039;Orana Wildlife Park, \u00e8 preoccupata per il fatto che vede gli umani in gabbia e vorrebbe liberarli\" \/>\n<meta name=\"robots\" content=\"index, follow, max-snippet:-1, max-image-preview:large, max-video-preview:-1\" \/>\n<link rel=\"canonical\" href=\"https:\/\/imasterminds.net\/it\/news-and-stories\/people-out-of-the-box\/kim-la-leonessa-preoccupata-per-gli-umani\/\" \/>\n<meta property=\"og:locale\" content=\"it_IT\" \/>\n<meta property=\"og:type\" content=\"article\" \/>\n<meta property=\"og:title\" content=\"Kim, la leonessa preoccupata per gli umani - iMasterminds\" \/>\n<meta property=\"og:description\" content=\"Kim, una leonessa dell&#039;Orana Wildlife Park, \u00e8 preoccupata per il fatto che vede gli umani in gabbia e vorrebbe liberarli\" \/>\n<meta property=\"og:url\" content=\"https:\/\/imasterminds.net\/it\/news-and-stories\/people-out-of-the-box\/kim-la-leonessa-preoccupata-per-gli-umani\/\" \/>\n<meta property=\"og:site_name\" content=\"iMasterminds\" \/>\n<meta property=\"article:published_time\" content=\"2022-01-05T08:52:21+00:00\" \/>\n<meta property=\"article:modified_time\" content=\"2022-01-07T08:04:56+00:00\" \/>\n<meta property=\"og:image\" content=\"https:\/\/imasterminds.net\/wp-content\/uploads\/2022\/01\/Kim-scaled.jpg\" \/>\n\t<meta property=\"og:image:width\" content=\"2560\" \/>\n\t<meta property=\"og:image:height\" content=\"1920\" \/>\n\t<meta property=\"og:image:type\" content=\"image\/jpeg\" \/>\n<meta name=\"twitter:card\" content=\"summary_large_image\" \/>\n<meta name=\"twitter:label1\" content=\"Scritto da\" \/>\n\t<meta name=\"twitter:data1\" content=\"iMasterminds\" \/>\n\t<meta name=\"twitter:label2\" content=\"Tempo di lettura stimato\" \/>\n\t<meta name=\"twitter:data2\" content=\"2 minuti\" \/>\n<script type=\"application\/ld+json\" class=\"yoast-schema-graph\">{\"@context\":\"https:\/\/schema.org\",\"@graph\":[{\"@type\":\"Organization\",\"@id\":\"https:\/\/imasterminds.net\/it\/#organization\",\"name\":\"iMasterminds\",\"url\":\"https:\/\/imasterminds.net\/it\/\",\"sameAs\":[\"https:\/\/www.linkedin.com\/company\/imasterminds\/\"],\"logo\":{\"@type\":\"ImageObject\",\"@id\":\"https:\/\/imasterminds.net\/it\/#logo\",\"inLanguage\":\"it-IT\",\"url\":\"https:\/\/imasterminds.net\/wp-content\/uploads\/2021\/10\/logo-organizzazione.png\",\"contentUrl\":\"https:\/\/imasterminds.net\/wp-content\/uploads\/2021\/10\/logo-organizzazione.png\",\"width\":1200,\"height\":628,\"caption\":\"iMasterminds\"},\"image\":{\"@id\":\"https:\/\/imasterminds.net\/it\/#logo\"}},{\"@type\":\"WebSite\",\"@id\":\"https:\/\/imasterminds.net\/it\/#website\",\"url\":\"https:\/\/imasterminds.net\/it\/\",\"name\":\"iMasterminds\",\"description\":\"\",\"publisher\":{\"@id\":\"https:\/\/imasterminds.net\/it\/#organization\"},\"potentialAction\":[{\"@type\":\"SearchAction\",\"target\":{\"@type\":\"EntryPoint\",\"urlTemplate\":\"https:\/\/imasterminds.net\/it\/?s={search_term_string}\"},\"query-input\":\"required name=search_term_string\"}],\"inLanguage\":\"it-IT\"},{\"@type\":\"ImageObject\",\"@id\":\"https:\/\/imasterminds.net\/it\/news-and-stories\/people-out-of-the-box\/kim-la-leonessa-preoccupata-per-gli-umani\/#primaryimage\",\"inLanguage\":\"it-IT\",\"url\":\"https:\/\/imasterminds.net\/wp-content\/uploads\/2022\/01\/Kim-scaled.jpg\",\"contentUrl\":\"https:\/\/imasterminds.net\/wp-content\/uploads\/2022\/01\/Kim-scaled.jpg\",\"width\":2560,\"height\":1920},{\"@type\":\"WebPage\",\"@id\":\"https:\/\/imasterminds.net\/it\/news-and-stories\/people-out-of-the-box\/kim-la-leonessa-preoccupata-per-gli-umani\/#webpage\",\"url\":\"https:\/\/imasterminds.net\/it\/news-and-stories\/people-out-of-the-box\/kim-la-leonessa-preoccupata-per-gli-umani\/\",\"name\":\"Kim, la leonessa preoccupata per gli umani - iMasterminds\",\"isPartOf\":{\"@id\":\"https:\/\/imasterminds.net\/it\/#website\"},\"primaryImageOfPage\":{\"@id\":\"https:\/\/imasterminds.net\/it\/news-and-stories\/people-out-of-the-box\/kim-la-leonessa-preoccupata-per-gli-umani\/#primaryimage\"},\"datePublished\":\"2022-01-05T08:52:21+00:00\",\"dateModified\":\"2022-01-07T08:04:56+00:00\",\"description\":\"Kim, una leonessa dell'Orana Wildlife Park, \u00e8 preoccupata per il fatto che vede gli umani in gabbia e vorrebbe liberarli\",\"breadcrumb\":{\"@id\":\"https:\/\/imasterminds.net\/it\/news-and-stories\/people-out-of-the-box\/kim-la-leonessa-preoccupata-per-gli-umani\/#breadcrumb\"},\"inLanguage\":\"it-IT\",\"potentialAction\":[{\"@type\":\"ReadAction\",\"target\":[\"https:\/\/imasterminds.net\/it\/news-and-stories\/people-out-of-the-box\/kim-la-leonessa-preoccupata-per-gli-umani\/\"]}]},{\"@type\":\"BreadcrumbList\",\"@id\":\"https:\/\/imasterminds.net\/it\/news-and-stories\/people-out-of-the-box\/kim-la-leonessa-preoccupata-per-gli-umani\/#breadcrumb\",\"itemListElement\":[{\"@type\":\"ListItem\",\"position\":1,\"name\":\"Home\",\"item\":\"https:\/\/imasterminds.net\/it\/\"},{\"@type\":\"ListItem\",\"position\":2,\"name\":\"Kim, la leonessa preoccupata per gli umani\"}]},{\"@type\":\"Article\",\"@id\":\"https:\/\/imasterminds.net\/it\/news-and-stories\/people-out-of-the-box\/kim-la-leonessa-preoccupata-per-gli-umani\/#article\",\"isPartOf\":{\"@id\":\"https:\/\/imasterminds.net\/it\/news-and-stories\/people-out-of-the-box\/kim-la-leonessa-preoccupata-per-gli-umani\/#webpage\"},\"author\":{\"@id\":\"https:\/\/imasterminds.net\/it\/#\/schema\/person\/d96b183ea702b0b09eec7d7aeac1d24f\"},\"headline\":\"Kim, la leonessa preoccupata per gli umani\",\"datePublished\":\"2022-01-05T08:52:21+00:00\",\"dateModified\":\"2022-01-07T08:04:56+00:00\",\"mainEntityOfPage\":{\"@id\":\"https:\/\/imasterminds.net\/it\/news-and-stories\/people-out-of-the-box\/kim-la-leonessa-preoccupata-per-gli-umani\/#webpage\"},\"wordCount\":263,\"publisher\":{\"@id\":\"https:\/\/imasterminds.net\/it\/#organization\"},\"image\":{\"@id\":\"https:\/\/imasterminds.net\/it\/news-and-stories\/people-out-of-the-box\/kim-la-leonessa-preoccupata-per-gli-umani\/#primaryimage\"},\"thumbnailUrl\":\"https:\/\/imasterminds.net\/wp-content\/uploads\/2022\/01\/Kim-scaled.jpg\",\"keywords\":[\"leoni\",\"New Zealand\",\"Orana Wildlife Park\"],\"articleSection\":[\"All\",\"People Out of the Box\"],\"inLanguage\":\"it-IT\"},{\"@type\":\"Person\",\"@id\":\"https:\/\/imasterminds.net\/it\/#\/schema\/person\/d96b183ea702b0b09eec7d7aeac1d24f\",\"name\":\"iMasterminds\",\"image\":{\"@type\":\"ImageObject\",\"@id\":\"https:\/\/imasterminds.net\/it\/#personlogo\",\"inLanguage\":\"it-IT\",\"url\":\"https:\/\/secure.gravatar.com\/avatar\/319e51511e95dbc1744d6f0224beed78?s=96&d=mm&r=g\",\"contentUrl\":\"https:\/\/secure.gravatar.com\/avatar\/319e51511e95dbc1744d6f0224beed78?s=96&d=mm&r=g\",\"caption\":\"iMasterminds\"}}]}<\/script>\n<!-- \/ Yoast SEO plugin. -->","yoast_head_json":{"title":"Kim, la leonessa preoccupata per gli umani - iMasterminds","description":"Kim, una leonessa dell'Orana Wildlife Park, \u00e8 preoccupata per il fatto che vede gli umani in gabbia e vorrebbe liberarli","robots":{"index":"index","follow":"follow","max-snippet":"max-snippet:-1","max-image-preview":"max-image-preview:large","max-video-preview":"max-video-preview:-1"},"canonical":"https:\/\/imasterminds.net\/it\/news-and-stories\/people-out-of-the-box\/kim-la-leonessa-preoccupata-per-gli-umani\/","og_locale":"it_IT","og_type":"article","og_title":"Kim, la leonessa preoccupata per gli umani - iMasterminds","og_description":"Kim, una leonessa dell'Orana Wildlife Park, \u00e8 preoccupata per il fatto che vede gli umani in gabbia e vorrebbe liberarli","og_url":"https:\/\/imasterminds.net\/it\/news-and-stories\/people-out-of-the-box\/kim-la-leonessa-preoccupata-per-gli-umani\/","og_site_name":"iMasterminds","article_published_time":"2022-01-05T08:52:21+00:00","article_modified_time":"2022-01-07T08:04:56+00:00","og_image":[{"width":2560,"height":1920,"url":"https:\/\/imasterminds.net\/wp-content\/uploads\/2022\/01\/Kim-scaled.jpg","type":"image\/jpeg"}],"twitter_card":"summary_large_image","twitter_misc":{"Scritto da":"iMasterminds","Tempo di lettura stimato":"2 minuti"},"schema":{"@context":"https:\/\/schema.org","@graph":[{"@type":"Organization","@id":"https:\/\/imasterminds.net\/it\/#organization","name":"iMasterminds","url":"https:\/\/imasterminds.net\/it\/","sameAs":["https:\/\/www.linkedin.com\/company\/imasterminds\/"],"logo":{"@type":"ImageObject","@id":"https:\/\/imasterminds.net\/it\/#logo","inLanguage":"it-IT","url":"https:\/\/imasterminds.net\/wp-content\/uploads\/2021\/10\/logo-organizzazione.png","contentUrl":"https:\/\/imasterminds.net\/wp-content\/uploads\/2021\/10\/logo-organizzazione.png","width":1200,"height":628,"caption":"iMasterminds"},"image":{"@id":"https:\/\/imasterminds.net\/it\/#logo"}},{"@type":"WebSite","@id":"https:\/\/imasterminds.net\/it\/#website","url":"https:\/\/imasterminds.net\/it\/","name":"iMasterminds","description":"","publisher":{"@id":"https:\/\/imasterminds.net\/it\/#organization"},"potentialAction":[{"@type":"SearchAction","target":{"@type":"EntryPoint","urlTemplate":"https:\/\/imasterminds.net\/it\/?s={search_term_string}"},"query-input":"required name=search_term_string"}],"inLanguage":"it-IT"},{"@type":"ImageObject","@id":"https:\/\/imasterminds.net\/it\/news-and-stories\/people-out-of-the-box\/kim-la-leonessa-preoccupata-per-gli-umani\/#primaryimage","inLanguage":"it-IT","url":"https:\/\/imasterminds.net\/wp-content\/uploads\/2022\/01\/Kim-scaled.jpg","contentUrl":"https:\/\/imasterminds.net\/wp-content\/uploads\/2022\/01\/Kim-scaled.jpg","width":2560,"height":1920},{"@type":"WebPage","@id":"https:\/\/imasterminds.net\/it\/news-and-stories\/people-out-of-the-box\/kim-la-leonessa-preoccupata-per-gli-umani\/#webpage","url":"https:\/\/imasterminds.net\/it\/news-and-stories\/people-out-of-the-box\/kim-la-leonessa-preoccupata-per-gli-umani\/","name":"Kim, la leonessa preoccupata per gli umani - iMasterminds","isPartOf":{"@id":"https:\/\/imasterminds.net\/it\/#website"},"primaryImageOfPage":{"@id":"https:\/\/imasterminds.net\/it\/news-and-stories\/people-out-of-the-box\/kim-la-leonessa-preoccupata-per-gli-umani\/#primaryimage"},"datePublished":"2022-01-05T08:52:21+00:00","dateModified":"2022-01-07T08:04:56+00:00","description":"Kim, una leonessa dell'Orana Wildlife Park, \u00e8 preoccupata per il fatto che vede gli umani in gabbia e vorrebbe liberarli","breadcrumb":{"@id":"https:\/\/imasterminds.net\/it\/news-and-stories\/people-out-of-the-box\/kim-la-leonessa-preoccupata-per-gli-umani\/#breadcrumb"},"inLanguage":"it-IT","potentialAction":[{"@type":"ReadAction","target":["https:\/\/imasterminds.net\/it\/news-and-stories\/people-out-of-the-box\/kim-la-leonessa-preoccupata-per-gli-umani\/"]}]},{"@type":"BreadcrumbList","@id":"https:\/\/imasterminds.net\/it\/news-and-stories\/people-out-of-the-box\/kim-la-leonessa-preoccupata-per-gli-umani\/#breadcrumb","itemListElement":[{"@type":"ListItem","position":1,"name":"Home","item":"https:\/\/imasterminds.net\/it\/"},{"@type":"ListItem","position":2,"name":"Kim, la leonessa preoccupata per gli umani"}]},{"@type":"Article","@id":"https:\/\/imasterminds.net\/it\/news-and-stories\/people-out-of-the-box\/kim-la-leonessa-preoccupata-per-gli-umani\/#article","isPartOf":{"@id":"https:\/\/imasterminds.net\/it\/news-and-stories\/people-out-of-the-box\/kim-la-leonessa-preoccupata-per-gli-umani\/#webpage"},"author":{"@id":"https:\/\/imasterminds.net\/it\/#\/schema\/person\/d96b183ea702b0b09eec7d7aeac1d24f"},"headline":"Kim, la leonessa preoccupata per gli umani","datePublished":"2022-01-05T08:52:21+00:00","dateModified":"2022-01-07T08:04:56+00:00","mainEntityOfPage":{"@id":"https:\/\/imasterminds.net\/it\/news-and-stories\/people-out-of-the-box\/kim-la-leonessa-preoccupata-per-gli-umani\/#webpage"},"wordCount":263,"publisher":{"@id":"https:\/\/imasterminds.net\/it\/#organization"},"image":{"@id":"https:\/\/imasterminds.net\/it\/news-and-stories\/people-out-of-the-box\/kim-la-leonessa-preoccupata-per-gli-umani\/#primaryimage"},"thumbnailUrl":"https:\/\/imasterminds.net\/wp-content\/uploads\/2022\/01\/Kim-scaled.jpg","keywords":["leoni","New Zealand","Orana Wildlife Park"],"articleSection":["All","People Out of the Box"],"inLanguage":"it-IT"},{"@type":"Person","@id":"https:\/\/imasterminds.net\/it\/#\/schema\/person\/d96b183ea702b0b09eec7d7aeac1d24f","name":"iMasterminds","image":{"@type":"ImageObject","@id":"https:\/\/imasterminds.net\/it\/#personlogo","inLanguage":"it-IT","url":"https:\/\/secure.gravatar.com\/avatar\/319e51511e95dbc1744d6f0224beed78?s=96&d=mm&r=g","contentUrl":"https:\/\/secure.gravatar.com\/avatar\/319e51511e95dbc1744d6f0224beed78?s=96&d=mm&r=g","caption":"iMasterminds"}}]}},"_links":{"self":[{"href":"https:\/\/imasterminds.net\/it\/wp-json\/wp\/v2\/posts\/723"}],"collection":[{"href":"https:\/\/imasterminds.net\/it\/wp-json\/wp\/v2\/posts"}],"about":[{"href":"https:\/\/imasterminds.net\/it\/wp-json\/wp\/v2\/types\/post"}],"author":[{"embeddable":true,"href":"https:\/\/imasterminds.net\/it\/wp-json\/wp\/v2\/users\/2"}],"replies":[{"embeddable":true,"href":"https:\/\/imasterminds.net\/it\/wp-json\/wp\/v2\/comments?post=723"}],"version-history":[{"count":0,"href":"https:\/\/imasterminds.net\/it\/wp-json\/wp\/v2\/posts\/723\/revisions"}],"wp:featuredmedia":[{"embeddable":true,"href":"https:\/\/imasterminds.net\/it\/wp-json\/wp\/v2\/media\/726"}],"wp:attachment":[{"href":"https:\/\/imasterminds.net\/it\/wp-json\/wp\/v2\/media?parent=723"}],"wp:term":[{"taxonomy":"category","embeddable":true,"href":"https:\/\/imasterminds.net\/it\/wp-json\/wp\/v2\/categories?post=723"},{"taxonomy":"post_tag","embeddable":true,"href":"https:\/\/imasterminds.net\/it\/wp-json\/wp\/v2\/tags?post=723"}],"curies":[{"name":"wp","href":"https:\/\/api.w.org\/{rel}","templated":true}]}}