{"id":1048,"date":"2023-01-10T09:25:41","date_gmt":"2023-01-10T08:25:41","guid":{"rendered":"https:\/\/imasterminds.net\/?p=1048"},"modified":"2023-01-10T09:26:57","modified_gmt":"2023-01-10T08:26:57","slug":"i-viaggi-del-tempo-di-stelfie","status":"publish","type":"post","link":"https:\/\/imasterminds.net\/it\/news-and-stories\/people-out-of-the-box\/i-viaggi-del-tempo-di-stelfie\/","title":{"rendered":"I viaggi nel tempo di Stelfie"},"content":{"rendered":"<div id=\"attachment_1052\" style=\"width: 235px\" class=\"wp-caption alignright\"><a href=\"https:\/\/imasterminds.net\/wp-content\/uploads\/2023\/01\/stelfie.jpg\" rel=\"prettyPhoto[gallery-dwho]\"><img aria-describedby=\"caption-attachment-1052\" loading=\"lazy\" class=\"wp-image-1052 size-full\" src=\"https:\/\/imasterminds.net\/wp-content\/uploads\/2023\/01\/stelfie.jpg\" alt=\"\" width=\"225\" height=\"225\" srcset=\"https:\/\/imasterminds.net\/wp-content\/uploads\/2023\/01\/stelfie.jpg 225w, https:\/\/imasterminds.net\/wp-content\/uploads\/2023\/01\/stelfie-150x150.jpg 150w, https:\/\/imasterminds.net\/wp-content\/uploads\/2023\/01\/stelfie-100x100.jpg 100w, https:\/\/imasterminds.net\/wp-content\/uploads\/2023\/01\/stelfie-140x140.jpg 140w\" sizes=\"(max-width: 225px) 100vw, 225px\" \/><\/a><p id=\"caption-attachment-1052\" class=\"wp-caption-text\">Stelfie durante uno dei suoi &#8220;viaggi nel tempo&#8221;<\/p><\/div>\n<p>Cosa ne direste di fare un salto nel tempo e dare prove documentali sul vostro passaggio, al ritorno?<\/p>\n<p>Chiedete a <em>Stelfie the Time Traveller<\/em>, che nel corso del mese dello scorso dicembre ha creato un vero e proprio diario di viaggio, saltando da un luogo all\u2019altro, di epoca in epoca. Lo possiamo vedere in posa davanti alle piramidi ancora in costruzione, inseguito da un mammuth, sorridente accanto a Leonardo da Vinci.\u00a0 Ecco, spesso si parla di viaggi e viaggiatori del tempo e finalmente abbiamo la prova della veridicit\u00e0 delle affermazioni dei sedicenti pellegrini multidimensionali. Anzi no. In realt\u00e0 la spiegazione \u00e8 molto pi\u00f9 semplice, meno scientifica, ma assolutamente degna di essere riferita.<\/p>\n<p>Il nostro protagonista -un vero e proprio innovatore- si \u00e8 divertito con Stable Diffusion, un modello di sintesi di immagini di deep learning che consente alle persone di creare scene immaginarie utilizzando descrizioni di testo chiamate prompt.\u00a0Con una tecnica aggiuntiva chiamata Dreambooth, le persone possono inserire il proprio soggetto o personaggio nelle scene generate da Stable Diffusion.<\/p>\n<p>Chiss\u00e0 se quanto inaugurato da Stelfie non ispiri qualcuno a creare una vera e propria realt\u00e0 virtuale in cui ciascuno, con il proprio avatar possa davvero vivere le avventure presentate dal nostro simpatico precursore dei viaggi temporali, attraverso delle sceneggiature ad hoc che ci facciano quantomeno pensare di vivere qualcosa di davvero straordinario e unico. Ovviamente con indosso un abbigliamento comodo e scarpe da ginnastica scattanti. \u00c8 sempre meglio essere pronti per la fuga. Non si sa mai che uno pterodattilo inizi a inseguirci\u2026<\/p>\n<p><em>Valeria Bellobono<\/em><\/p>\n","protected":false},"excerpt":{"rendered":"<p>Cosa ne direste di fare un salto nel tempo e dare prove documentali sul vostro passaggio, al ritorno? Chiedete a Stelfie the Time Traveller, che nel corso del mese dello&#8230;<\/p>\n","protected":false},"author":2,"featured_media":1049,"comment_status":"closed","ping_status":"open","sticky":false,"template":"","format":"standard","meta":[],"categories":[12,4],"tags":[],"yoast_head":"<!-- This site is optimized with the Yoast SEO plugin v18.4.1 - https:\/\/yoast.com\/wordpress\/plugins\/seo\/ -->\n<title>I viaggi nel tempo di Stelfie - iMasterminds<\/title>\n<meta name=\"description\" content=\"Stelfie the Time Traveller \u00e8 il viaggiatore del tempo sui social.\" \/>\n<meta name=\"robots\" content=\"index, follow, max-snippet:-1, max-image-preview:large, max-video-preview:-1\" \/>\n<link rel=\"canonical\" href=\"https:\/\/imasterminds.net\/it\/news-and-stories\/people-out-of-the-box\/i-viaggi-del-tempo-di-stelfie\/\" \/>\n<meta property=\"og:locale\" content=\"it_IT\" \/>\n<meta property=\"og:type\" content=\"article\" \/>\n<meta property=\"og:title\" content=\"I viaggi nel tempo di Stelfie - iMasterminds\" \/>\n<meta property=\"og:description\" content=\"Stelfie the Time Traveller \u00e8 il viaggiatore del tempo sui social.\" \/>\n<meta property=\"og:url\" content=\"https:\/\/imasterminds.net\/it\/news-and-stories\/people-out-of-the-box\/i-viaggi-del-tempo-di-stelfie\/\" \/>\n<meta property=\"og:site_name\" content=\"iMasterminds\" \/>\n<meta property=\"article:published_time\" content=\"2023-01-10T08:25:41+00:00\" \/>\n<meta property=\"article:modified_time\" content=\"2023-01-10T08:26:57+00:00\" \/>\n<meta property=\"og:image\" content=\"https:\/\/imasterminds.net\/wp-content\/uploads\/2023\/01\/viaggi-nel-tempo.jpeg\" \/>\n\t<meta property=\"og:image:width\" content=\"1600\" \/>\n\t<meta property=\"og:image:height\" content=\"1206\" \/>\n\t<meta property=\"og:image:type\" content=\"image\/jpeg\" \/>\n<meta name=\"twitter:card\" content=\"summary_large_image\" \/>\n<meta name=\"twitter:label1\" content=\"Scritto da\" \/>\n\t<meta name=\"twitter:data1\" content=\"iMasterminds\" \/>\n\t<meta name=\"twitter:label2\" content=\"Tempo di lettura stimato\" \/>\n\t<meta name=\"twitter:data2\" content=\"2 minuti\" \/>\n<script type=\"application\/ld+json\" class=\"yoast-schema-graph\">{\"@context\":\"https:\/\/schema.org\",\"@graph\":[{\"@type\":\"Organization\",\"@id\":\"https:\/\/imasterminds.net\/it\/#organization\",\"name\":\"iMasterminds\",\"url\":\"https:\/\/imasterminds.net\/it\/\",\"sameAs\":[\"https:\/\/www.linkedin.com\/company\/imasterminds\/\"],\"logo\":{\"@type\":\"ImageObject\",\"@id\":\"https:\/\/imasterminds.net\/it\/#logo\",\"inLanguage\":\"it-IT\",\"url\":\"https:\/\/imasterminds.net\/wp-content\/uploads\/2021\/10\/logo-organizzazione.png\",\"contentUrl\":\"https:\/\/imasterminds.net\/wp-content\/uploads\/2021\/10\/logo-organizzazione.png\",\"width\":1200,\"height\":628,\"caption\":\"iMasterminds\"},\"image\":{\"@id\":\"https:\/\/imasterminds.net\/it\/#logo\"}},{\"@type\":\"WebSite\",\"@id\":\"https:\/\/imasterminds.net\/it\/#website\",\"url\":\"https:\/\/imasterminds.net\/it\/\",\"name\":\"iMasterminds\",\"description\":\"\",\"publisher\":{\"@id\":\"https:\/\/imasterminds.net\/it\/#organization\"},\"potentialAction\":[{\"@type\":\"SearchAction\",\"target\":{\"@type\":\"EntryPoint\",\"urlTemplate\":\"https:\/\/imasterminds.net\/it\/?s={search_term_string}\"},\"query-input\":\"required name=search_term_string\"}],\"inLanguage\":\"it-IT\"},{\"@type\":\"ImageObject\",\"@id\":\"https:\/\/imasterminds.net\/it\/news-and-stories\/people-out-of-the-box\/i-viaggi-del-tempo-di-stelfie\/#primaryimage\",\"inLanguage\":\"it-IT\",\"url\":\"https:\/\/imasterminds.net\/wp-content\/uploads\/2023\/01\/viaggi-nel-tempo.jpeg\",\"contentUrl\":\"https:\/\/imasterminds.net\/wp-content\/uploads\/2023\/01\/viaggi-nel-tempo.jpeg\",\"width\":1600,\"height\":1206},{\"@type\":\"WebPage\",\"@id\":\"https:\/\/imasterminds.net\/it\/news-and-stories\/people-out-of-the-box\/i-viaggi-del-tempo-di-stelfie\/#webpage\",\"url\":\"https:\/\/imasterminds.net\/it\/news-and-stories\/people-out-of-the-box\/i-viaggi-del-tempo-di-stelfie\/\",\"name\":\"I viaggi nel tempo di Stelfie - iMasterminds\",\"isPartOf\":{\"@id\":\"https:\/\/imasterminds.net\/it\/#website\"},\"primaryImageOfPage\":{\"@id\":\"https:\/\/imasterminds.net\/it\/news-and-stories\/people-out-of-the-box\/i-viaggi-del-tempo-di-stelfie\/#primaryimage\"},\"datePublished\":\"2023-01-10T08:25:41+00:00\",\"dateModified\":\"2023-01-10T08:26:57+00:00\",\"description\":\"Stelfie the Time Traveller \u00e8 il viaggiatore del tempo sui social.\",\"breadcrumb\":{\"@id\":\"https:\/\/imasterminds.net\/it\/news-and-stories\/people-out-of-the-box\/i-viaggi-del-tempo-di-stelfie\/#breadcrumb\"},\"inLanguage\":\"it-IT\",\"potentialAction\":[{\"@type\":\"ReadAction\",\"target\":[\"https:\/\/imasterminds.net\/it\/news-and-stories\/people-out-of-the-box\/i-viaggi-del-tempo-di-stelfie\/\"]}]},{\"@type\":\"BreadcrumbList\",\"@id\":\"https:\/\/imasterminds.net\/it\/news-and-stories\/people-out-of-the-box\/i-viaggi-del-tempo-di-stelfie\/#breadcrumb\",\"itemListElement\":[{\"@type\":\"ListItem\",\"position\":1,\"name\":\"Home\",\"item\":\"https:\/\/imasterminds.net\/it\/\"},{\"@type\":\"ListItem\",\"position\":2,\"name\":\"I viaggi nel tempo di Stelfie\"}]},{\"@type\":\"Article\",\"@id\":\"https:\/\/imasterminds.net\/it\/news-and-stories\/people-out-of-the-box\/i-viaggi-del-tempo-di-stelfie\/#article\",\"isPartOf\":{\"@id\":\"https:\/\/imasterminds.net\/it\/news-and-stories\/people-out-of-the-box\/i-viaggi-del-tempo-di-stelfie\/#webpage\"},\"author\":{\"@id\":\"https:\/\/imasterminds.net\/it\/#\/schema\/person\/d96b183ea702b0b09eec7d7aeac1d24f\"},\"headline\":\"I viaggi nel tempo di Stelfie\",\"datePublished\":\"2023-01-10T08:25:41+00:00\",\"dateModified\":\"2023-01-10T08:26:57+00:00\",\"mainEntityOfPage\":{\"@id\":\"https:\/\/imasterminds.net\/it\/news-and-stories\/people-out-of-the-box\/i-viaggi-del-tempo-di-stelfie\/#webpage\"},\"wordCount\":275,\"publisher\":{\"@id\":\"https:\/\/imasterminds.net\/it\/#organization\"},\"image\":{\"@id\":\"https:\/\/imasterminds.net\/it\/news-and-stories\/people-out-of-the-box\/i-viaggi-del-tempo-di-stelfie\/#primaryimage\"},\"thumbnailUrl\":\"https:\/\/imasterminds.net\/wp-content\/uploads\/2023\/01\/viaggi-nel-tempo.jpeg\",\"articleSection\":[\"All\",\"People Out of the Box\"],\"inLanguage\":\"it-IT\"},{\"@type\":\"Person\",\"@id\":\"https:\/\/imasterminds.net\/it\/#\/schema\/person\/d96b183ea702b0b09eec7d7aeac1d24f\",\"name\":\"iMasterminds\",\"image\":{\"@type\":\"ImageObject\",\"@id\":\"https:\/\/imasterminds.net\/it\/#personlogo\",\"inLanguage\":\"it-IT\",\"url\":\"https:\/\/secure.gravatar.com\/avatar\/319e51511e95dbc1744d6f0224beed78?s=96&d=mm&r=g\",\"contentUrl\":\"https:\/\/secure.gravatar.com\/avatar\/319e51511e95dbc1744d6f0224beed78?s=96&d=mm&r=g\",\"caption\":\"iMasterminds\"}}]}<\/script>\n<!-- \/ Yoast SEO plugin. -->","yoast_head_json":{"title":"I viaggi nel tempo di Stelfie - iMasterminds","description":"Stelfie the Time Traveller \u00e8 il viaggiatore del tempo sui social.","robots":{"index":"index","follow":"follow","max-snippet":"max-snippet:-1","max-image-preview":"max-image-preview:large","max-video-preview":"max-video-preview:-1"},"canonical":"https:\/\/imasterminds.net\/it\/news-and-stories\/people-out-of-the-box\/i-viaggi-del-tempo-di-stelfie\/","og_locale":"it_IT","og_type":"article","og_title":"I viaggi nel tempo di Stelfie - iMasterminds","og_description":"Stelfie the Time Traveller \u00e8 il viaggiatore del tempo sui social.","og_url":"https:\/\/imasterminds.net\/it\/news-and-stories\/people-out-of-the-box\/i-viaggi-del-tempo-di-stelfie\/","og_site_name":"iMasterminds","article_published_time":"2023-01-10T08:25:41+00:00","article_modified_time":"2023-01-10T08:26:57+00:00","og_image":[{"width":1600,"height":1206,"url":"https:\/\/imasterminds.net\/wp-content\/uploads\/2023\/01\/viaggi-nel-tempo.jpeg","type":"image\/jpeg"}],"twitter_card":"summary_large_image","twitter_misc":{"Scritto da":"iMasterminds","Tempo di lettura stimato":"2 minuti"},"schema":{"@context":"https:\/\/schema.org","@graph":[{"@type":"Organization","@id":"https:\/\/imasterminds.net\/it\/#organization","name":"iMasterminds","url":"https:\/\/imasterminds.net\/it\/","sameAs":["https:\/\/www.linkedin.com\/company\/imasterminds\/"],"logo":{"@type":"ImageObject","@id":"https:\/\/imasterminds.net\/it\/#logo","inLanguage":"it-IT","url":"https:\/\/imasterminds.net\/wp-content\/uploads\/2021\/10\/logo-organizzazione.png","contentUrl":"https:\/\/imasterminds.net\/wp-content\/uploads\/2021\/10\/logo-organizzazione.png","width":1200,"height":628,"caption":"iMasterminds"},"image":{"@id":"https:\/\/imasterminds.net\/it\/#logo"}},{"@type":"WebSite","@id":"https:\/\/imasterminds.net\/it\/#website","url":"https:\/\/imasterminds.net\/it\/","name":"iMasterminds","description":"","publisher":{"@id":"https:\/\/imasterminds.net\/it\/#organization"},"potentialAction":[{"@type":"SearchAction","target":{"@type":"EntryPoint","urlTemplate":"https:\/\/imasterminds.net\/it\/?s={search_term_string}"},"query-input":"required name=search_term_string"}],"inLanguage":"it-IT"},{"@type":"ImageObject","@id":"https:\/\/imasterminds.net\/it\/news-and-stories\/people-out-of-the-box\/i-viaggi-del-tempo-di-stelfie\/#primaryimage","inLanguage":"it-IT","url":"https:\/\/imasterminds.net\/wp-content\/uploads\/2023\/01\/viaggi-nel-tempo.jpeg","contentUrl":"https:\/\/imasterminds.net\/wp-content\/uploads\/2023\/01\/viaggi-nel-tempo.jpeg","width":1600,"height":1206},{"@type":"WebPage","@id":"https:\/\/imasterminds.net\/it\/news-and-stories\/people-out-of-the-box\/i-viaggi-del-tempo-di-stelfie\/#webpage","url":"https:\/\/imasterminds.net\/it\/news-and-stories\/people-out-of-the-box\/i-viaggi-del-tempo-di-stelfie\/","name":"I viaggi nel tempo di Stelfie - iMasterminds","isPartOf":{"@id":"https:\/\/imasterminds.net\/it\/#website"},"primaryImageOfPage":{"@id":"https:\/\/imasterminds.net\/it\/news-and-stories\/people-out-of-the-box\/i-viaggi-del-tempo-di-stelfie\/#primaryimage"},"datePublished":"2023-01-10T08:25:41+00:00","dateModified":"2023-01-10T08:26:57+00:00","description":"Stelfie the Time Traveller \u00e8 il viaggiatore del tempo sui social.","breadcrumb":{"@id":"https:\/\/imasterminds.net\/it\/news-and-stories\/people-out-of-the-box\/i-viaggi-del-tempo-di-stelfie\/#breadcrumb"},"inLanguage":"it-IT","potentialAction":[{"@type":"ReadAction","target":["https:\/\/imasterminds.net\/it\/news-and-stories\/people-out-of-the-box\/i-viaggi-del-tempo-di-stelfie\/"]}]},{"@type":"BreadcrumbList","@id":"https:\/\/imasterminds.net\/it\/news-and-stories\/people-out-of-the-box\/i-viaggi-del-tempo-di-stelfie\/#breadcrumb","itemListElement":[{"@type":"ListItem","position":1,"name":"Home","item":"https:\/\/imasterminds.net\/it\/"},{"@type":"ListItem","position":2,"name":"I viaggi nel tempo di Stelfie"}]},{"@type":"Article","@id":"https:\/\/imasterminds.net\/it\/news-and-stories\/people-out-of-the-box\/i-viaggi-del-tempo-di-stelfie\/#article","isPartOf":{"@id":"https:\/\/imasterminds.net\/it\/news-and-stories\/people-out-of-the-box\/i-viaggi-del-tempo-di-stelfie\/#webpage"},"author":{"@id":"https:\/\/imasterminds.net\/it\/#\/schema\/person\/d96b183ea702b0b09eec7d7aeac1d24f"},"headline":"I viaggi nel tempo di Stelfie","datePublished":"2023-01-10T08:25:41+00:00","dateModified":"2023-01-10T08:26:57+00:00","mainEntityOfPage":{"@id":"https:\/\/imasterminds.net\/it\/news-and-stories\/people-out-of-the-box\/i-viaggi-del-tempo-di-stelfie\/#webpage"},"wordCount":275,"publisher":{"@id":"https:\/\/imasterminds.net\/it\/#organization"},"image":{"@id":"https:\/\/imasterminds.net\/it\/news-and-stories\/people-out-of-the-box\/i-viaggi-del-tempo-di-stelfie\/#primaryimage"},"thumbnailUrl":"https:\/\/imasterminds.net\/wp-content\/uploads\/2023\/01\/viaggi-nel-tempo.jpeg","articleSection":["All","People Out of the Box"],"inLanguage":"it-IT"},{"@type":"Person","@id":"https:\/\/imasterminds.net\/it\/#\/schema\/person\/d96b183ea702b0b09eec7d7aeac1d24f","name":"iMasterminds","image":{"@type":"ImageObject","@id":"https:\/\/imasterminds.net\/it\/#personlogo","inLanguage":"it-IT","url":"https:\/\/secure.gravatar.com\/avatar\/319e51511e95dbc1744d6f0224beed78?s=96&d=mm&r=g","contentUrl":"https:\/\/secure.gravatar.com\/avatar\/319e51511e95dbc1744d6f0224beed78?s=96&d=mm&r=g","caption":"iMasterminds"}}]}},"_links":{"self":[{"href":"https:\/\/imasterminds.net\/it\/wp-json\/wp\/v2\/posts\/1048"}],"collection":[{"href":"https:\/\/imasterminds.net\/it\/wp-json\/wp\/v2\/posts"}],"about":[{"href":"https:\/\/imasterminds.net\/it\/wp-json\/wp\/v2\/types\/post"}],"author":[{"embeddable":true,"href":"https:\/\/imasterminds.net\/it\/wp-json\/wp\/v2\/users\/2"}],"replies":[{"embeddable":true,"href":"https:\/\/imasterminds.net\/it\/wp-json\/wp\/v2\/comments?post=1048"}],"version-history":[{"count":0,"href":"https:\/\/imasterminds.net\/it\/wp-json\/wp\/v2\/posts\/1048\/revisions"}],"wp:featuredmedia":[{"embeddable":true,"href":"https:\/\/imasterminds.net\/it\/wp-json\/wp\/v2\/media\/1049"}],"wp:attachment":[{"href":"https:\/\/imasterminds.net\/it\/wp-json\/wp\/v2\/media?parent=1048"}],"wp:term":[{"taxonomy":"category","embeddable":true,"href":"https:\/\/imasterminds.net\/it\/wp-json\/wp\/v2\/categories?post=1048"},{"taxonomy":"post_tag","embeddable":true,"href":"https:\/\/imasterminds.net\/it\/wp-json\/wp\/v2\/tags?post=1048"}],"curies":[{"name":"wp","href":"https:\/\/api.w.org\/{rel}","templated":true}]}}